{"id":904,"date":"2025-03-12T13:00:44","date_gmt":"2025-03-12T12:00:44","guid":{"rendered":"https:\/\/dodigital.sk\/spravovat-social-dokaze-kazdy-preco-nie-su-clenovia-rodiny-vhodni-social-media-manazeri\/"},"modified":"2025-06-17T15:15:59","modified_gmt":"2025-06-17T13:15:59","slug":"miert-nem-lehet-barki-kozossegi-media-menedzser","status":"publish","type":"post","link":"https:\/\/dodigital.sk\/hu\/blog\/miert-nem-lehet-barki-kozossegi-media-menedzser\/","title":{"rendered":"Mi\u00e9rt nem lehet b\u00e1rki k\u00f6z\u00f6ss\u00e9gi m\u00e9dia menedzser?"},"content":{"rendered":"<p style=\"text-align: left;\"><strong>A k\u00f6z\u00f6ss\u00e9gi m\u00e9dia menedzser nem csup\u00e1n posztokat tesz ki a Facebookra vagy az Instagramra. Az \u0151 val\u00f3di feladata az, hogy teljes\u00edtse a c\u00e9ged marketingc\u00e9ljait. Nem saj\u00e1t kedve vagy aktu\u00e1lis hangulata alapj\u00e1n \u00edrja a posztokat, hanem egy j\u00f3l kidolgozott strat\u00e9gia \u00e9s a kor\u00e1bbi teljes\u00edtm\u00e9nyek alapj\u00e1n d\u00f6nt. Valljuk be, ilyen ember nem igaz\u00e1n akad minden csal\u00e1dban.<\/strong><\/p>\n<h2 style=\"text-align: left; color: #947db5;\">Mit csin\u00e1l val\u00f3j\u00e1ban egy social media menedzser?<\/h2>\n<p style=\"text-align: left;\">Miel\u0151tt r\u00e9szletesen kit\u00e9rn\u00e9nk a konkr\u00e9t feladatokra, n\u00e9zz\u00fck meg kicsit \u00e1ltal\u00e1nosabban, miben \u00e1ll a social media menedzser munk\u00e1ja. Egyszer\u0171en fogalmazva <strong>\u0151 a m\u00e1rk\u00e1d digit\u00e1lis hangja<\/strong>. \u0150 gondoskodik arr\u00f3l, hogyan jelenik meg a brand online t\u00e9rben, hogyan l\u00e1tj\u00e1k az emberek, \u00e9s milyen k\u00e9pet alkotnak r\u00f3la.<\/p>\n<p style=\"text-align: left;\">Egy \u201esocial media manager\u201d munk\u00e1ja v\u00e1ltozatos, \u00e9s <strong>val\u00f3j\u00e1ban mind\u00f6ssze k\u00f6r\u00fclbel\u00fcl 20%-\u00e1t teszi ki a posztok k\u00e9sz\u00edt\u00e9se<\/strong>. Ezen k\u00edv\u00fcl:<\/p>\n<ul style=\"text-align: left;\">\n<li class=\"\" data-start=\"889\" data-end=\"973\">\n<p class=\"\" data-start=\"891\" data-end=\"973\">Ki\u00e9rt\u00e9keli a kommunik\u00e1ci\u00f3 teljes\u00edtm\u00e9ny\u00e9t \u00e9s a kit\u0171z\u00f6tt c\u00e9lok (KPI-k) teljes\u00fcl\u00e9s\u00e9t<\/p>\n<\/li>\n<li class=\"\" data-start=\"974\" data-end=\"1068\">\n<p class=\"\" data-start=\"976\" data-end=\"1068\">Moder\u00e1lja a kommenteket, v\u00e1laszol az \u00fczenetekre, akt\u00edvan tartja a kapcsolatot a k\u00f6z\u00f6ns\u00e9ggel<\/p>\n<\/li>\n<li class=\"\" data-start=\"1069\" data-end=\"1135\">\n<p class=\"\" data-start=\"1071\" data-end=\"1135\">Megtervezi a tartalmat a marketing- \u00e9s \u00fczleti strat\u00e9gia alapj\u00e1n<\/p>\n<\/li>\n<li class=\"\" data-start=\"1136\" data-end=\"1205\">\n<p class=\"\" data-start=\"1138\" data-end=\"1205\">Figyeli az online vil\u00e1g esem\u00e9nyeit, naprak\u00e9szen k\u00f6veti a trendeket<\/p>\n<\/li>\n<li class=\"\" data-start=\"1206\" data-end=\"1305\">\n<p class=\"\" data-start=\"1208\" data-end=\"1305\">Ismeri az \u00f6sszes el\u00e9rhet\u0151 tartalmi form\u00e1tumot, \u00e9s pontosan tudja, mikor \u00e9s hogyan haszn\u00e1lja \u0151ket<\/p>\n<\/li>\n<li class=\"\" data-start=\"1306\" data-end=\"1466\">\n<p class=\"\" data-start=\"1308\" data-end=\"1466\">T\u00f6k\u00e9letesen ismeri a m\u00e1rk\u00e1t, mivel minden, ami a keze al\u00f3l kiker\u00fcl, meg kell feleljen a brandkrit\u00e9riumoknak, a diz\u00e1jn-manualnak \u00e9s a kommunik\u00e1ci\u00f3 hangnem\u00e9nek<\/p>\n<\/li>\n<\/ul>\n<p class=\"\" data-start=\"1468\" data-end=\"1687\">\u00c9s v\u00e9g\u00fcl, de nem utols\u00f3sorban: egy j\u00f3 social media menedzsernek kreat\u00edv sz\u00f6veg\u00edr\u00f3nak kell lennie, aki rendelkezik alapvet\u0151 vizu\u00e1lis \u00e9rz\u00e9kkel is. Ez m\u00e9g akkor is igaz, ha a posztokat grafikussal egy\u00fcttm\u0171k\u00f6dve k\u00e9sz\u00edti el. Ahhoz k\u00e9pest, hogy nem szerett\u00fcnk volna t\u00falzott r\u00e9szletekbe menni, eg\u00e9szen alaposra siker\u00fclt ez a bevezet\u0151. \ud83d\ude42<\/p>\n<p style=\"text-align: left;\">Sz\u00e1mos tov\u00e1bbi okot is tudunk mondani arra, hogy mi\u00e9rt \u00e9rdemes val\u00f3di social media menedzsert (vagy tartalomk\u00e9sz\u00edt\u0151t) alkalmaznod a s\u00f3gorod helyett. Mi teszi a j\u00f3 social media menedzsert val\u00f3ban kiemelked\u0151v\u00e9?<\/p>\n<h3 style=\"text-align: left; color: #947db5;\">1. K\u00f6vetkezetesen foglalkozik a tartalommal<\/h3>\n<p class=\"\" data-start=\"163\" data-end=\"531\">Ami nem priorit\u00e1s valakinek, az \u00e1ltal\u00e1ban k\u00e9s\u0151bbre, \u201emajd holnapra\u201d vagy \u201ej\u00f6v\u0151 h\u00e9tre\u201d tol\u00f3dik. A k\u00f6z\u00f6ss\u00e9gi m\u00e9diakommunik\u00e1ci\u00f3 viszont rendszeress\u00e9get ig\u00e9nyel. Egy social media menedzser ugyanis nemcsak a tartalomk\u00e9sz\u00edt\u00e9ssel foglalkozik, hanem figyeli a kommenteket, v\u00e1laszol az \u00fczenetekre, ellen\u0151rzi az eredm\u00e9nyeket, \u00e9s rengeteg m\u00e1s, kev\u00e9sb\u00e9 l\u00e1that\u00f3 feladatot is v\u00e9gez.<\/p>\n<p class=\"\" data-start=\"533\" data-end=\"690\">A tartalommarketing egyik legfontosabb alappill\u00e9re a rendszeress\u00e9g, hiszen en\u00e9lk\u00fcl az emberek a te m\u00e1rk\u00e1d helyett ink\u00e1bb a versenyt\u00e1rsaidra fognak eml\u00e9kezni.<\/p>\n<h3 style=\"text-align: left; color: #947db5;\">2. Figyeli a m\u00e1rk\u00e1val kapcsolatos esem\u00e9nyeket, \u00e9s azt is, ami k\u00f6r\u00fcl\u00f6tte t\u00f6rt\u00e9nik<\/h3>\n<p class=\"\" data-start=\"778\" data-end=\"1021\">Egy social media menedzsernek \u00e9lnie kell a munk\u00e1j\u00e1t. Ez tal\u00e1n k\u00f6zhelyesen hangzik, de ebben a poz\u00edci\u00f3ban val\u00f3ban sz\u00f3 szerint kell \u00e9rteni. Nem el\u00e9g hetente p\u00e1rszor megn\u00e9zni, hogyan teljes\u00edt egy-egy poszt, vagy ellen\u0151rizni a be\u00e9rkez\u0151 \u00fczeneteket.<\/p>\n<p class=\"\" data-start=\"1023\" data-end=\"1412\">Egy j\u00f3 social media menedzser felel\u0151ss\u00e9ge enn\u00e9l j\u00f3val sz\u00e9lesebb k\u00f6r\u0171. A saj\u00e1t m\u00e1rk\u00e1ja esem\u00e9nyei mellett pontosan k\u00f6veti a konkurenci\u00e1t is: figyeli, hogyan kommunik\u00e1lnak, mely tartalmaik sikeresek, \u00e9s k\u00e9szen \u00e1ll azonnal reag\u00e1lni, ha valami n\u00e1luk nem j\u00f3l s\u00fcl el. Egy j\u00f3 k\u00f6z\u00f6ss\u00e9gi m\u00e9di\u00e1s szakember sz\u00e1m\u00e1ra a folyamatos online jelenl\u00e9t ugyanolyan term\u00e9szetes, mint a mindennapos munk\u00e1ba j\u00e1r\u00e1s.<\/p>\n<h3 style=\"text-align: left; color: #947db5;\">3. T\u00f6k\u00e9letesen ismeri a trendeket<\/h3>\n<p class=\"\" data-start=\"1453\" data-end=\"1715\">Ha mindig egy l\u00e9p\u00e9ssel a versenyt\u00e1rsaid el\u0151tt akarsz j\u00e1rni, \u00e9s ki akarsz t\u0171nni a h\u00edrfolyamb\u00f3l, ahhoz m\u00e1r nem el\u00e9g \u00e1tlagos k\u00e9peket \u00e9s r\u00f6vid sz\u00f6vegeket haszn\u00e1lni. A mai social media kommunik\u00e1ci\u00f3 nagyr\u00e9szt az aktu\u00e1lis trendekre \u00e9p\u00fcl, amelyek h\u00e9tr\u0151l h\u00e9tre v\u00e1ltoznak.<\/p>\n<p class=\"\" data-start=\"1717\" data-end=\"1887\">Ha m\u00e9g azel\u0151re akarsz tudni r\u00f3luk, hogy mindenki elkezden\u00e9 \u0151ket haszn\u00e1lni, akkor t\u00f6bbet kell figyelned, mint a csal\u00e1dtagjaid storyjait vagy kedvenc sportklubod posztjait.<\/p>\n<p class=\"\" data-start=\"1889\" data-end=\"2064\">Az inspir\u00e1ci\u00f3 ugyanis minden\u00fctt ott van \u2013 nemcsak a feedben. De ha m\u00e9gis elakadt\u00e1l, \u00e9s nem tudod, honnan szerezhetn\u00e9l trendekhez kapcsol\u00f3d\u00f3 \u00f6tleteket, \u00edme n\u00e9h\u00e1ny hasznos tipp:<\/p>\n<ul data-start=\"2066\" data-end=\"2489\" data-is-last-node=\"\" data-is-only-node=\"\">\n<li class=\"\" data-start=\"2066\" data-end=\"2160\">\n<p class=\"\" data-start=\"2068\" data-end=\"2160\"><strong data-start=\"2068\" data-end=\"2087\"><a class=\"\" href=\"http:\/\/www.newsfeed.cz\" target=\"_new\" rel=\"noopener\" data-start=\"2070\" data-end=\"2085\">www.newsfeed.cz<\/a><\/strong> \u2013 Facebook (Meta) f\u00f3kusz\u00fa magazin tele friss h\u00edrekkel \u00e9s inform\u00e1ci\u00f3kkal<\/p>\n<\/li>\n<li class=\"\" data-start=\"2066\" data-end=\"2160\">\n<p class=\"\" data-start=\"2068\" data-end=\"2160\"><strong data-start=\"2163\" data-end=\"2185\"><a class=\"\" href=\"http:\/\/www.later.com\/blog\" target=\"_new\" rel=\"noopener\" data-start=\"2165\" data-end=\"2183\">www.later.com\/blog<\/a><\/strong> \u2013 a Later k\u00f6z\u00f6ss\u00e9gim\u00e9dia-tervez\u0151 blogja, tele gyakorlati tippekkel<\/p>\n<\/li>\n<li class=\"\" data-start=\"2254\" data-end=\"2394\">\n<p class=\"\" data-start=\"2256\" data-end=\"2394\"><strong data-start=\"2256\" data-end=\"2287\"><a class=\"\" href=\"http:\/\/www.socialmediaexaminer.com\" target=\"_new\" rel=\"noopener\" data-start=\"2258\" data-end=\"2285\">www.socialmediaexaminer.com<\/a><\/strong> \u2013 \u0151k \u00e1ll\u00edtj\u00e1k magukr\u00f3l, hogy a vil\u00e1g legnagyobb social media tud\u00e1sforr\u00e1sa, \u00e9s mi sem mondunk nekik ellent<\/p>\n<\/li>\n<li class=\"\" data-start=\"2395\" data-end=\"2489\">\n<p class=\"\" data-start=\"2397\" data-end=\"2489\"><strong data-start=\"2397\" data-end=\"2425\"><a class=\"\" href=\"http:\/\/www.socialmediatoday.com\" target=\"_new\" rel=\"noopener\" data-start=\"2399\" data-end=\"2423\">www.socialmediatoday.com<\/a><\/strong> \u2013 a k\u00f6z\u00f6ss\u00e9gi m\u00e9dia legfrissebb h\u00edreit itt tal\u00e1lod meg el\u0151sz\u00f6r<\/p>\n<\/li>\n<\/ul>\n<h3 style=\"text-align: left; color: #947db5;\">4. Elemzi \u00e9s ki\u00e9rt\u00e9keli az eredm\u00e9nyeket<\/h3>\n<p style=\"text-align: left;\">A l\u00e1jkok sz\u00e1m\u00e1nak figyel\u00e9se m\u00e1r r\u00e9g nem elegend\u0151. Az online marketing szent gr\u00e1lja a sz\u00e1mok vil\u00e1ga, hiszen ezek val\u00f3s id\u0151ben jelzik, hogy mi az, ami kiv\u00e1l\u00f3an m\u0171k\u00f6dik, mi \u00e1tlagos, \u00e9s mi az, aminek nincs \u00e9rtelme. Egy j\u00f3 social media menedzser nem csak az alapvet\u0151 m\u00e9r\u0151sz\u00e1mokat vizsg\u00e1lja, hanem m\u00e9lyebbre \u00e1s, \u00e9s ismeri azokat az analitikai eszk\u00f6z\u00f6ket is, amelyek a munka legal\u00e1bb fel\u00e9t elv\u00e9gzik helyette.<\/p>\n<p class=\"\" data-start=\"521\" data-end=\"559\">Csak hogy konkr\u00e9t p\u00e9ld\u00e1kat is l\u00e1ssunk:<\/p>\n<ul data-start=\"561\" data-end=\"1054\">\n<li class=\"\" data-start=\"561\" data-end=\"766\">\n<p class=\"\" data-start=\"563\" data-end=\"766\">Tudtad p\u00e9ld\u00e1ul, hogy sokkal \u00e9rt\u00e9kesebb adat az <strong>Instagram-posztok ment\u00e9seinek sz\u00e1ma<\/strong>, mint a l\u00e1jkok\u00e9? Az a tartalom, amit az emberek elmentenek maguknak k\u00e9s\u0151bbre, val\u00f3di hozz\u00e1adott \u00e9rt\u00e9ket jelent sz\u00e1mukra.<\/p>\n<\/li>\n<li class=\"\" data-start=\"767\" data-end=\"1054\">\n<p class=\"\" data-start=\"769\" data-end=\"1054\">A Facebook \u00e9s Instagram vide\u00f3k megtekint\u00e9seinek sz\u00e1ma minden olyan lej\u00e1tsz\u00e1st belesz\u00e1m\u00edt, amely legal\u00e1bb 3 m\u00e1sodpercig tartott. Enn\u00e9l relev\u00e1nsabb m\u00e9r\u0151sz\u00e1m viszont a<strong> ThruPlay<\/strong>, ami azt jelzi, hogy h\u00e1nyan n\u00e9zt\u00e9k meg legal\u00e1bb 15 m\u00e1sodpercig, vagy r\u00f6videbb vide\u00f3 eset\u00e9n h\u00e1nyan n\u00e9zt\u00e9k v\u00e9gig.<\/p>\n<\/li>\n<\/ul>\n<p class=\"\" data-start=\"1056\" data-end=\"1429\">Az ilyen relev\u00e1ns m\u00e9r\u0151sz\u00e1mok alapj\u00e1n a social media menedzser pontosan optimaliz\u00e1lni tudja a tartalmakat, hiszen a sz\u00e1mok egy\u00e9rtelm\u0171en megmutatj\u00e1k, milyen t\u00edpus\u00fa posztokat kedvelnek a k\u00f6vet\u0151k. Az eredm\u00e9ny egy olyan tartalomterv lesz, amely nem \u00e9rz\u00e9sekre, hanem val\u00f3di adatokra \u00e9p\u00fcl. Ez\u00e1ltal a kommunik\u00e1ci\u00f3d egyszerre lesz relev\u00e1ns a k\u00f6z\u00f6ns\u00e9ged sz\u00e1m\u00e1ra \u00e9s hat\u00e9kony sz\u00e1modra.<\/p>\n<p class=\"\" data-start=\"1431\" data-end=\"1531\">\u00cdgy a p\u00e9nzedet \u00e9s energi\u00e1dat nem felesleges posztokra, hanem val\u00f3ban m\u0171k\u00f6d\u0151 tartalmakra ford\u00edthatod.<\/p>\n<h3 style=\"text-align: left; color: #947db5;\">5. Ismeri a social media platformok k\u00f6z\u00f6tti k\u00fcl\u00f6nbs\u00e9geket<\/h3>\n<p class=\"\" data-start=\"1601\" data-end=\"2004\">Van egy egyszer\u0171 teszt, amellyel k\u00f6nnyed\u00e9n ellen\u0151rizheted, hogy felel\u0151sen v\u00e9gzi-e a social media menedzser a munk\u00e1j\u00e1t. N\u00e9zd meg a c\u00e9ged Facebook- \u00e9s Instagram-profilj\u00e1t: ha pontosan ugyanazokat a posztokat l\u00e1tod mindk\u00e9t platformon, akkor meg is kaptad a v\u00e1laszt. Ugyanis ugyanazt a tartalmat 1:1 ar\u00e1nyban \u00e1tm\u00e1solni egyik k\u00f6z\u00f6ss\u00e9gi oldalr\u00f3l a m\u00e1sikra egy\u00e9rtelm\u0171 hanyags\u00e1gra vagy tapasztalatlans\u00e1gra utal.<\/p>\n<p class=\"\" data-start=\"2006\" data-end=\"2284\">Egy tapasztalt social media menedzser pontosan tudja, milyen tartalmak m\u0171k\u00f6dnek a Facebookon, Instagramon, TikTokon vagy YouTube-on. Ugyan\u00edgy azt is tudja, milyen emberek vannak jelen ezeken a platformokon, hogyan fogyasztj\u00e1k a tartalmakat, \u00e9s ehhez m\u00e9rten alak\u00edtja a posztokat.<\/p>\n<p class=\"\" data-start=\"2286\" data-end=\"2353\">Csak hogy \u00e9rz\u00e9keld, mi hogyan gondolkozunk err\u0151l, \u00edme n\u00e9h\u00e1ny p\u00e9lda:<\/p>\n<ul data-start=\"2355\" data-end=\"2806\">\n<li class=\"\" data-start=\"2355\" data-end=\"2641\">\n<p class=\"\" data-start=\"2357\" data-end=\"2641\">Landscape (fekv\u0151) k\u00e9pek nem igaz\u00e1n val\u00f3k Instagramra \u2013 helyett\u00fck a portr\u00e9, a n\u00e9gyzetes vagy ide\u00e1lisan a 9:16-os k\u00e9par\u00e1ny m\u0171k\u00f6dik a legjobban, amely Instastoriesban \u00e9s Reels-ben is kiv\u00e1l\u00f3. Az Instagram mobilos platform, a fekv\u0151 k\u00e9pek nem haszn\u00e1lj\u00e1k ki maxim\u00e1lisan a mobilok kijelz\u0151j\u00e9t.<\/p>\n<\/li>\n<li class=\"\" data-start=\"2642\" data-end=\"2806\">\n<p class=\"\" data-start=\"2644\" data-end=\"2806\">Az Instastories-vide\u00f3kat az emberek t\u00f6bbs\u00e9ge hang n\u00e9lk\u00fcl n\u00e9zi, \u00edgy a vide\u00f3idhoz \u00e9rdemes feliratokat vagy legal\u00e1bb a f\u0151 inform\u00e1ci\u00f3kat tartalmaz\u00f3 c\u00edmeket hozz\u00e1adni.<\/p>\n<\/li>\n<\/ul>\n<h3 style=\"text-align: left; color: #947db5;\">\u00d6sszegz\u00e9s<\/h3>\n<p class=\"\" data-start=\"2828\" data-end=\"3198\">B\u00edzunk benne, hogy ezek az inform\u00e1ci\u00f3k meggy\u0151ztek arr\u00f3l, hogy a social media menedzseri poz\u00edci\u00f3ra nem alkalmas b\u00e1rki, aki sok id\u0151t t\u00f6lt a k\u00f6z\u00f6ss\u00e9gi oldalakon. Egy j\u00f3 social media menedzsernek ugyanis meg kell \u00e9rnie a feladatokra. Ha azonnal sz\u00fcks\u00e9ged van egy ilyen szakemberre, r\u00e1ad\u00e1sul tapasztalatokkal is, akkor a legjobb, ha b\u00e9relsz egy profi social media menedzsert.<\/p>\n<p class=\"\" data-start=\"3200\" data-end=\"3426\">M\u00e1sik lehet\u0151s\u00e9g, hogy kineveled \u0151t a c\u00e9gedben, \u00e1m ez csak akkor m\u0171k\u00f6dik, ha rendelkez\u00e9sedre \u00e1ll egy tapasztaltabb koll\u00e9ga, aki val\u00f3ban foglalkozni tud vele. Ha n\u00e1lad nincs ilyen ember, akkor ism\u00e9t az els\u0151 lehet\u0151s\u00e9get aj\u00e1nljuk.<\/p>\n<p class=\"\" data-start=\"3428\" data-end=\"3656\">Ha professzion\u00e1lis social media menedzsmentre van sz\u00fcks\u00e9ged, a DoDigital ebben is seg\u00edts\u00e9gedre lesz. Az elemz\u00e9st\u0151l, strat\u00e9gi\u00e1t\u00f3l kezdve eg\u00e9szen a posztok kezel\u00e9s\u00e9ig \u00e9s azok hirdet\u00e9s\u00e9ig mindent r\u00e1nk b\u00edzhatsz. <a href=\"https:\/\/dodigital.sk\/hu\/szolgaltatasaink\/\">B\u00edzd magad profikra<\/a>!<\/p>\n","protected":false},"excerpt":{"rendered":"<p>A k\u00f6z\u00f6ss\u00e9gi m\u00e9dia menedzser nem csup\u00e1n posztokat tesz ki a Facebookra vagy az Instagramra. Az \u0151 val\u00f3di feladata az, hogy teljes\u00edtse a c\u00e9ged marketingc\u00e9ljait. Nem saj\u00e1t kedve vagy aktu\u00e1lis hangulata alapj\u00e1n \u00edrja a posztokat, hanem egy j\u00f3l kidolgozott strat\u00e9gia \u00e9s a kor\u00e1bbi teljes\u00edtm\u00e9nyek alapj\u00e1n d\u00f6nt. Valljuk be, ilyen ember nem igaz\u00e1n akad minden csal\u00e1dban. Mit [&hellip;]<\/p>\n","protected":false},"author":1,"featured_media":779,"comment_status":"closed","ping_status":"closed","sticky":false,"template":"","format":"standard","meta":{"_acf_changed":false,"footnotes":""},"categories":[5],"tags":[],"class_list":["post-904","post","type-post","status-publish","format-standard","has-post-thumbnail","hentry","category-uncategorized-hu"],"acf":[],"yoast_head":"<!-- This site is optimized with the Yoast SEO plugin v26.8 - https:\/\/yoast.com\/product\/yoast-seo-wordpress\/ -->\n<title>Mi\u00e9rt nem lehet b\u00e1rki k\u00f6z\u00f6ss\u00e9gi m\u00e9dia menedzser? | do digital<\/title>\n<meta name=\"description\" content=\"A k\u00f6z\u00f6ss\u00e9gi m\u00e9dia menedzser nem csup\u00e1n posztol. Az \u0151 val\u00f3di feladata az, hogy teljes\u00edtse a c\u00e9ged marketingc\u00e9ljaidat.\" \/>\n<meta name=\"robots\" content=\"index, follow, max-snippet:-1, max-image-preview:large, max-video-preview:-1\" \/>\n<link rel=\"canonical\" href=\"https:\/\/dodigital.sk\/hu\/blog\/miert-nem-lehet-barki-kozossegi-media-menedzser\/\" \/>\n<meta property=\"og:locale\" content=\"hu_HU\" \/>\n<meta property=\"og:type\" content=\"article\" \/>\n<meta property=\"og:title\" content=\"Mi\u00e9rt nem lehet b\u00e1rki k\u00f6z\u00f6ss\u00e9gi m\u00e9dia menedzser? | do digital\" \/>\n<meta property=\"og:description\" content=\"A k\u00f6z\u00f6ss\u00e9gi m\u00e9dia menedzser nem csup\u00e1n posztol. Az \u0151 val\u00f3di feladata az, hogy teljes\u00edtse a c\u00e9ged marketingc\u00e9ljaidat.\" \/>\n<meta property=\"og:url\" content=\"https:\/\/dodigital.sk\/hu\/blog\/miert-nem-lehet-barki-kozossegi-media-menedzser\/\" \/>\n<meta property=\"og:site_name\" content=\"do digital\" \/>\n<meta property=\"article:published_time\" content=\"2025-03-12T12:00:44+00:00\" \/>\n<meta property=\"article:modified_time\" content=\"2025-06-17T13:15:59+00:00\" \/>\n<meta property=\"og:image\" content=\"https:\/\/dodigital.sk\/wp-content\/uploads\/2025\/03\/bruce-mars-FWVMhUa_wbY-unsplash-scaled.jpg\" \/>\n\t<meta property=\"og:image:width\" content=\"2560\" \/>\n\t<meta property=\"og:image:height\" content=\"1707\" \/>\n\t<meta property=\"og:image:type\" content=\"image\/jpeg\" \/>\n<meta name=\"author\" content=\"dodi\" \/>\n<meta name=\"twitter:card\" content=\"summary_large_image\" \/>\n<meta name=\"twitter:label1\" content=\"Szerz\u0151:\" \/>\n\t<meta name=\"twitter:data1\" content=\"dodi\" \/>\n\t<meta name=\"twitter:label2\" content=\"Becs\u00fclt olvas\u00e1si id\u0151\" \/>\n\t<meta name=\"twitter:data2\" content=\"7 perc\" \/>\n<script type=\"application\/ld+json\" class=\"yoast-schema-graph\">{\"@context\":\"https:\/\/schema.org\",\"@graph\":[{\"@type\":\"Article\",\"@id\":\"https:\/\/dodigital.sk\/hu\/blog\/miert-nem-lehet-barki-kozossegi-media-menedzser\/#article\",\"isPartOf\":{\"@id\":\"https:\/\/dodigital.sk\/hu\/blog\/miert-nem-lehet-barki-kozossegi-media-menedzser\/\"},\"author\":{\"name\":\"dodi\",\"@id\":\"https:\/\/dodigital.sk\/#\/schema\/person\/4323e0929656b797843bd97a1720adb9\"},\"headline\":\"Mi\u00e9rt nem lehet b\u00e1rki k\u00f6z\u00f6ss\u00e9gi m\u00e9dia menedzser?\",\"datePublished\":\"2025-03-12T12:00:44+00:00\",\"dateModified\":\"2025-06-17T13:15:59+00:00\",\"mainEntityOfPage\":{\"@id\":\"https:\/\/dodigital.sk\/hu\/blog\/miert-nem-lehet-barki-kozossegi-media-menedzser\/\"},\"wordCount\":1581,\"image\":{\"@id\":\"https:\/\/dodigital.sk\/hu\/blog\/miert-nem-lehet-barki-kozossegi-media-menedzser\/#primaryimage\"},\"thumbnailUrl\":\"https:\/\/dodigital.sk\/wp-content\/uploads\/2025\/03\/bruce-mars-FWVMhUa_wbY-unsplash-scaled.jpg\",\"articleSection\":[\"Uncategorized @hu\"],\"inLanguage\":\"hu\"},{\"@type\":\"WebPage\",\"@id\":\"https:\/\/dodigital.sk\/hu\/blog\/miert-nem-lehet-barki-kozossegi-media-menedzser\/\",\"url\":\"https:\/\/dodigital.sk\/hu\/blog\/miert-nem-lehet-barki-kozossegi-media-menedzser\/\",\"name\":\"Mi\u00e9rt nem lehet b\u00e1rki k\u00f6z\u00f6ss\u00e9gi m\u00e9dia menedzser? | do digital\",\"isPartOf\":{\"@id\":\"https:\/\/dodigital.sk\/#website\"},\"primaryImageOfPage\":{\"@id\":\"https:\/\/dodigital.sk\/hu\/blog\/miert-nem-lehet-barki-kozossegi-media-menedzser\/#primaryimage\"},\"image\":{\"@id\":\"https:\/\/dodigital.sk\/hu\/blog\/miert-nem-lehet-barki-kozossegi-media-menedzser\/#primaryimage\"},\"thumbnailUrl\":\"https:\/\/dodigital.sk\/wp-content\/uploads\/2025\/03\/bruce-mars-FWVMhUa_wbY-unsplash-scaled.jpg\",\"datePublished\":\"2025-03-12T12:00:44+00:00\",\"dateModified\":\"2025-06-17T13:15:59+00:00\",\"author\":{\"@id\":\"https:\/\/dodigital.sk\/#\/schema\/person\/4323e0929656b797843bd97a1720adb9\"},\"description\":\"A k\u00f6z\u00f6ss\u00e9gi m\u00e9dia menedzser nem csup\u00e1n posztol. Az \u0151 val\u00f3di feladata az, hogy teljes\u00edtse a c\u00e9ged marketingc\u00e9ljaidat.\",\"breadcrumb\":{\"@id\":\"https:\/\/dodigital.sk\/hu\/blog\/miert-nem-lehet-barki-kozossegi-media-menedzser\/#breadcrumb\"},\"inLanguage\":\"hu\",\"potentialAction\":[{\"@type\":\"ReadAction\",\"target\":[\"https:\/\/dodigital.sk\/hu\/blog\/miert-nem-lehet-barki-kozossegi-media-menedzser\/\"]}]},{\"@type\":\"ImageObject\",\"inLanguage\":\"hu\",\"@id\":\"https:\/\/dodigital.sk\/hu\/blog\/miert-nem-lehet-barki-kozossegi-media-menedzser\/#primaryimage\",\"url\":\"https:\/\/dodigital.sk\/wp-content\/uploads\/2025\/03\/bruce-mars-FWVMhUa_wbY-unsplash-scaled.jpg\",\"contentUrl\":\"https:\/\/dodigital.sk\/wp-content\/uploads\/2025\/03\/bruce-mars-FWVMhUa_wbY-unsplash-scaled.jpg\",\"width\":2560,\"height\":1707},{\"@type\":\"BreadcrumbList\",\"@id\":\"https:\/\/dodigital.sk\/hu\/blog\/miert-nem-lehet-barki-kozossegi-media-menedzser\/#breadcrumb\",\"itemListElement\":[{\"@type\":\"ListItem\",\"position\":1,\"name\":\"Domovsk\u00e1 str\u00e1nka\",\"item\":\"https:\/\/dodigital.sk\/hu\/\"},{\"@type\":\"ListItem\",\"position\":2,\"name\":\"Mi\u00e9rt nem lehet b\u00e1rki k\u00f6z\u00f6ss\u00e9gi m\u00e9dia menedzser?\"}]},{\"@type\":\"WebSite\",\"@id\":\"https:\/\/dodigital.sk\/#website\",\"url\":\"https:\/\/dodigital.sk\/\",\"name\":\"do digital\",\"description\":\"Sme odhodlan\u00ed zv\u00fd\u0161i\u0165 va\u0161e konverzie\",\"potentialAction\":[{\"@type\":\"SearchAction\",\"target\":{\"@type\":\"EntryPoint\",\"urlTemplate\":\"https:\/\/dodigital.sk\/?s={search_term_string}\"},\"query-input\":{\"@type\":\"PropertyValueSpecification\",\"valueRequired\":true,\"valueName\":\"search_term_string\"}}],\"inLanguage\":\"hu\"},{\"@type\":\"Person\",\"@id\":\"https:\/\/dodigital.sk\/#\/schema\/person\/4323e0929656b797843bd97a1720adb9\",\"name\":\"dodi\",\"sameAs\":[\"https:\/\/dodigital.sk\"],\"url\":\"https:\/\/dodigital.sk\/hu\/blog\/author\/dodi\/\"}]}<\/script>\n<!-- \/ Yoast SEO plugin. -->","yoast_head_json":{"title":"Mi\u00e9rt nem lehet b\u00e1rki k\u00f6z\u00f6ss\u00e9gi m\u00e9dia menedzser? | do digital","description":"A k\u00f6z\u00f6ss\u00e9gi m\u00e9dia menedzser nem csup\u00e1n posztol. Az \u0151 val\u00f3di feladata az, hogy teljes\u00edtse a c\u00e9ged marketingc\u00e9ljaidat.","robots":{"index":"index","follow":"follow","max-snippet":"max-snippet:-1","max-image-preview":"max-image-preview:large","max-video-preview":"max-video-preview:-1"},"canonical":"https:\/\/dodigital.sk\/hu\/blog\/miert-nem-lehet-barki-kozossegi-media-menedzser\/","og_locale":"hu_HU","og_type":"article","og_title":"Mi\u00e9rt nem lehet b\u00e1rki k\u00f6z\u00f6ss\u00e9gi m\u00e9dia menedzser? | do digital","og_description":"A k\u00f6z\u00f6ss\u00e9gi m\u00e9dia menedzser nem csup\u00e1n posztol. Az \u0151 val\u00f3di feladata az, hogy teljes\u00edtse a c\u00e9ged marketingc\u00e9ljaidat.","og_url":"https:\/\/dodigital.sk\/hu\/blog\/miert-nem-lehet-barki-kozossegi-media-menedzser\/","og_site_name":"do digital","article_published_time":"2025-03-12T12:00:44+00:00","article_modified_time":"2025-06-17T13:15:59+00:00","og_image":[{"width":2560,"height":1707,"url":"https:\/\/dodigital.sk\/wp-content\/uploads\/2025\/03\/bruce-mars-FWVMhUa_wbY-unsplash-scaled.jpg","type":"image\/jpeg"}],"author":"dodi","twitter_card":"summary_large_image","twitter_misc":{"Szerz\u0151:":"dodi","Becs\u00fclt olvas\u00e1si id\u0151":"7 perc"},"schema":{"@context":"https:\/\/schema.org","@graph":[{"@type":"Article","@id":"https:\/\/dodigital.sk\/hu\/blog\/miert-nem-lehet-barki-kozossegi-media-menedzser\/#article","isPartOf":{"@id":"https:\/\/dodigital.sk\/hu\/blog\/miert-nem-lehet-barki-kozossegi-media-menedzser\/"},"author":{"name":"dodi","@id":"https:\/\/dodigital.sk\/#\/schema\/person\/4323e0929656b797843bd97a1720adb9"},"headline":"Mi\u00e9rt nem lehet b\u00e1rki k\u00f6z\u00f6ss\u00e9gi m\u00e9dia menedzser?","datePublished":"2025-03-12T12:00:44+00:00","dateModified":"2025-06-17T13:15:59+00:00","mainEntityOfPage":{"@id":"https:\/\/dodigital.sk\/hu\/blog\/miert-nem-lehet-barki-kozossegi-media-menedzser\/"},"wordCount":1581,"image":{"@id":"https:\/\/dodigital.sk\/hu\/blog\/miert-nem-lehet-barki-kozossegi-media-menedzser\/#primaryimage"},"thumbnailUrl":"https:\/\/dodigital.sk\/wp-content\/uploads\/2025\/03\/bruce-mars-FWVMhUa_wbY-unsplash-scaled.jpg","articleSection":["Uncategorized @hu"],"inLanguage":"hu"},{"@type":"WebPage","@id":"https:\/\/dodigital.sk\/hu\/blog\/miert-nem-lehet-barki-kozossegi-media-menedzser\/","url":"https:\/\/dodigital.sk\/hu\/blog\/miert-nem-lehet-barki-kozossegi-media-menedzser\/","name":"Mi\u00e9rt nem lehet b\u00e1rki k\u00f6z\u00f6ss\u00e9gi m\u00e9dia menedzser? | do digital","isPartOf":{"@id":"https:\/\/dodigital.sk\/#website"},"primaryImageOfPage":{"@id":"https:\/\/dodigital.sk\/hu\/blog\/miert-nem-lehet-barki-kozossegi-media-menedzser\/#primaryimage"},"image":{"@id":"https:\/\/dodigital.sk\/hu\/blog\/miert-nem-lehet-barki-kozossegi-media-menedzser\/#primaryimage"},"thumbnailUrl":"https:\/\/dodigital.sk\/wp-content\/uploads\/2025\/03\/bruce-mars-FWVMhUa_wbY-unsplash-scaled.jpg","datePublished":"2025-03-12T12:00:44+00:00","dateModified":"2025-06-17T13:15:59+00:00","author":{"@id":"https:\/\/dodigital.sk\/#\/schema\/person\/4323e0929656b797843bd97a1720adb9"},"description":"A k\u00f6z\u00f6ss\u00e9gi m\u00e9dia menedzser nem csup\u00e1n posztol. Az \u0151 val\u00f3di feladata az, hogy teljes\u00edtse a c\u00e9ged marketingc\u00e9ljaidat.","breadcrumb":{"@id":"https:\/\/dodigital.sk\/hu\/blog\/miert-nem-lehet-barki-kozossegi-media-menedzser\/#breadcrumb"},"inLanguage":"hu","potentialAction":[{"@type":"ReadAction","target":["https:\/\/dodigital.sk\/hu\/blog\/miert-nem-lehet-barki-kozossegi-media-menedzser\/"]}]},{"@type":"ImageObject","inLanguage":"hu","@id":"https:\/\/dodigital.sk\/hu\/blog\/miert-nem-lehet-barki-kozossegi-media-menedzser\/#primaryimage","url":"https:\/\/dodigital.sk\/wp-content\/uploads\/2025\/03\/bruce-mars-FWVMhUa_wbY-unsplash-scaled.jpg","contentUrl":"https:\/\/dodigital.sk\/wp-content\/uploads\/2025\/03\/bruce-mars-FWVMhUa_wbY-unsplash-scaled.jpg","width":2560,"height":1707},{"@type":"BreadcrumbList","@id":"https:\/\/dodigital.sk\/hu\/blog\/miert-nem-lehet-barki-kozossegi-media-menedzser\/#breadcrumb","itemListElement":[{"@type":"ListItem","position":1,"name":"Domovsk\u00e1 str\u00e1nka","item":"https:\/\/dodigital.sk\/hu\/"},{"@type":"ListItem","position":2,"name":"Mi\u00e9rt nem lehet b\u00e1rki k\u00f6z\u00f6ss\u00e9gi m\u00e9dia menedzser?"}]},{"@type":"WebSite","@id":"https:\/\/dodigital.sk\/#website","url":"https:\/\/dodigital.sk\/","name":"do digital","description":"Sme odhodlan\u00ed zv\u00fd\u0161i\u0165 va\u0161e konverzie","potentialAction":[{"@type":"SearchAction","target":{"@type":"EntryPoint","urlTemplate":"https:\/\/dodigital.sk\/?s={search_term_string}"},"query-input":{"@type":"PropertyValueSpecification","valueRequired":true,"valueName":"search_term_string"}}],"inLanguage":"hu"},{"@type":"Person","@id":"https:\/\/dodigital.sk\/#\/schema\/person\/4323e0929656b797843bd97a1720adb9","name":"dodi","sameAs":["https:\/\/dodigital.sk"],"url":"https:\/\/dodigital.sk\/hu\/blog\/author\/dodi\/"}]}},"_links":{"self":[{"href":"https:\/\/dodigital.sk\/hu\/wp-json\/wp\/v2\/posts\/904","targetHints":{"allow":["GET"]}}],"collection":[{"href":"https:\/\/dodigital.sk\/hu\/wp-json\/wp\/v2\/posts"}],"about":[{"href":"https:\/\/dodigital.sk\/hu\/wp-json\/wp\/v2\/types\/post"}],"author":[{"embeddable":true,"href":"https:\/\/dodigital.sk\/hu\/wp-json\/wp\/v2\/users\/1"}],"replies":[{"embeddable":true,"href":"https:\/\/dodigital.sk\/hu\/wp-json\/wp\/v2\/comments?post=904"}],"version-history":[{"count":3,"href":"https:\/\/dodigital.sk\/hu\/wp-json\/wp\/v2\/posts\/904\/revisions"}],"predecessor-version":[{"id":947,"href":"https:\/\/dodigital.sk\/hu\/wp-json\/wp\/v2\/posts\/904\/revisions\/947"}],"wp:featuredmedia":[{"embeddable":true,"href":"https:\/\/dodigital.sk\/hu\/wp-json\/wp\/v2\/media\/779"}],"wp:attachment":[{"href":"https:\/\/dodigital.sk\/hu\/wp-json\/wp\/v2\/media?parent=904"}],"wp:term":[{"taxonomy":"category","embeddable":true,"href":"https:\/\/dodigital.sk\/hu\/wp-json\/wp\/v2\/categories?post=904"},{"taxonomy":"post_tag","embeddable":true,"href":"https:\/\/dodigital.sk\/hu\/wp-json\/wp\/v2\/tags?post=904"}],"curies":[{"name":"wp","href":"https:\/\/api.w.org\/{rel}","templated":true}]}}