{"id":891,"date":"2025-03-19T20:14:42","date_gmt":"2025-03-19T19:14:42","guid":{"rendered":"https:\/\/dodigital.sk\/kedy-a-preco-zacat-komunikaciu-na-tiktoku\/"},"modified":"2025-06-17T15:16:59","modified_gmt":"2025-06-17T13:16:59","slug":"mikor-es-miert-kezdjunk-kommunikalni-a-tiktokon","status":"publish","type":"post","link":"https:\/\/dodigital.sk\/hu\/blog\/mikor-es-miert-kezdjunk-kommunikalni-a-tiktokon\/","title":{"rendered":"Mikor \u00e9s mi\u00e9rt kezdj\u00fcnk kommunik\u00e1lni a TikTokon?"},"content":{"rendered":"<p data-pm-slice=\"1 1 []\"><strong>Mikor \u00e9s mi\u00e9rt kezdj\u00fcnk kommunik\u00e1lni a TikTokon? Van \u00e9rtelme, hogy a m\u00e1rk\u00e1m jelen legyen a TikTokon? Ezeket a k\u00e9rd\u00e9seket sz\u00e1mos webshop-tulajdonos vagy v\u00e1llalati marketingmenedzser teheti fel mag\u00e1nak. Univerz\u00e1lis v\u00e1lasz nem l\u00e9tezik, \u00e1m cikk\u00fcnkben seg\u00edt\u00fcnk megv\u00e1laszolni azokat a k\u00e9rd\u00e9seket, amelyek megk\u00f6nny\u00edthetik a d\u00f6nt\u00e9st.<\/strong><\/p>\n<h2 style=\"text-align: left; color: #947db5;\">Mi\u00e9rt van ekkora hype a TikTok k\u00f6r\u00fcl?<\/h2>\n<p data-pm-slice=\"1 1 []\">A TikTok k\u00f6z\u00f6ss\u00e9gi oldal n\u00e9pszer\u0171s\u00e9ge nem egyik napr\u00f3l a m\u00e1sikra alakult ki. Sikere nagyr\u00e9szt el\u0151deinek \u2013 p\u00e9ld\u00e1ul a ByteDance, Musical.ly \u00e9s Douyin alkalmaz\u00e1soknak \u2013 k\u00f6sz\u00f6nhet\u0151, ahol f\u0151k\u00e9nt t\u00e1ncol\u00f3 tin\u00e9dzserek vide\u00f3i jelentek meg.<\/p>\n<p>Ez\u00e9rt a k\u00f6ztudatban m\u00e9g mindig \u00e9l az a t\u00e9vhit, hogy a TikTok kiz\u00e1r\u00f3lag t\u00e1ncol\u00f3 emberek platformja. Azonban ez m\u00e1r r\u00e9gen nem igaz, de akkor m\u00e9gis mi\u00e9rt h\u00f3d\u00edtotta meg a TikTok a vil\u00e1got?<\/p>\n<p data-pm-slice=\"1 1 []\">Az ok egy eg\u00e9szen m\u00e1s t\u00edpus\u00fa tartalom, mint amilyenhez eddig hozz\u00e1szoktunk. A TikTokon domin\u00e1l a <strong>sz\u00f3rakoztat\u00f3, k\u00f6nnyen befogadhat\u00f3 tartalom<\/strong>. A legn\u00e9pszer\u0171bb vide\u00f3k \u00e1ltal\u00e1ban <a href=\"https:\/\/www.feedhive.com\/blog\/the-best-tiktok-video-length-for-maximum-engagement\">21\u201334 m\u00e1sodperc<\/a> hossz\u00faak, ami ide\u00e1lis egy r\u00f6vid kikapcsol\u00f3d\u00e1sra a buszon, egy unalmas meeting k\u00f6zben, vagy ak\u00e1r a mosd\u00f3ban.<\/p>\n<p data-pm-slice=\"1 1 []\">Tudod, mi t\u00f6rt\u00e9nik, amikor az emberek azt mondj\u00e1k: \u201ena, m\u00e9g egy vide\u00f3t megn\u00e9zek\u201d? Egy vide\u00f3b\u00f3l m\u00e9g egy lesz, azt\u00e1n m\u00e9g egy&#8230; \u00e9s m\u00e1ris <a href=\"https:\/\/backlinko.com\/tiktok-users\">\u00e1tlagosan napi 54 percet t\u00f6ltenek el a TikTokon<\/a>, ahol gyakran \u00e9ppen a m\u00e1rk\u00e1k sz\u00f3rakoztat\u00f3 \u00e9s inspir\u00e1l\u00f3 tartalmait n\u00e9zik.<\/p>\n<div id=\"attachment_813\" style=\"width: 1034px\" class=\"wp-caption aligncenter\"><img loading=\"lazy\" decoding=\"async\" aria-describedby=\"caption-attachment-813\" class=\"wp-image-813 size-large\" src=\"https:\/\/dodigital.sk\/wp-content\/uploads\/2025\/03\/Snimka-obrazovky-2025-03-18-134758-1024x782.png\" alt=\"\" width=\"1024\" height=\"782\" srcset=\"https:\/\/dodigital.sk\/wp-content\/uploads\/2025\/03\/Snimka-obrazovky-2025-03-18-134758-1024x782.png 1024w, https:\/\/dodigital.sk\/wp-content\/uploads\/2025\/03\/Snimka-obrazovky-2025-03-18-134758-300x229.png 300w, https:\/\/dodigital.sk\/wp-content\/uploads\/2025\/03\/Snimka-obrazovky-2025-03-18-134758-768x586.png 768w, https:\/\/dodigital.sk\/wp-content\/uploads\/2025\/03\/Snimka-obrazovky-2025-03-18-134758-825x630.png 825w, https:\/\/dodigital.sk\/wp-content\/uploads\/2025\/03\/Snimka-obrazovky-2025-03-18-134758.png 1402w\" sizes=\"auto, (max-width: 1024px) 100vw, 1024px\" \/><p id=\"caption-attachment-813\" class=\"wp-caption-text\">Legn\u00e9pszer\u0171bb k\u00f6z\u00f6ss\u00e9gi m\u00e9dia platformok &#8211; forr\u00e1s: backlinko.com<\/p><\/div>\n<h2 style=\"text-align: left; color: #947db5;\">Szlov\u00e1ki\u00e1ban m\u00e1r egymilli\u00f3 felhaszn\u00e1l\u00f3<\/h2>\n<p data-pm-slice=\"1 1 []\">A TikTok hatalmas n\u00e9pszer\u0171s\u00e9ge miatt ma m\u00e1r pontosan tudjuk, milyen jelenl\u00e9ttel b\u00edr Szlov\u00e1ki\u00e1ban. 2024-ben glob\u00e1lisan <strong>1,67 milli\u00e1rd havi akt\u00edv felhaszn\u00e1l\u00f3<\/strong>ja volt, ezzel a vil\u00e1g legn\u00e9pszer\u0171bb k\u00f6z\u00f6ss\u00e9gi h\u00e1l\u00f3zatai k\u00f6z\u00e9 tartozik. <strong>Szlov\u00e1ki\u00e1ban t\u00f6bb mint egymilli\u00f3 regisztr\u00e1lt profil van<\/strong>, amelyek k\u00f6z\u00f6tt f\u0151k\u00e9nt a n\u0151i felhaszn\u00e1l\u00f3k domin\u00e1lnak.<\/p>\n<p data-pm-slice=\"1 1 []\">2024-ben a TikTok Szlov\u00e1ki\u00e1ban jelent\u0151s n\u00f6veked\u00e9st mutatott. A ByteDance adatai szerint 2024 elej\u00e9n <strong>1,06 milli\u00f3 18 \u00e9v feletti felhaszn\u00e1l\u00f3<\/strong> volt az orsz\u00e1gban, ami <a href=\"https:\/\/datareportal.com\/reports\/digital-2024-slovakia\"><strong>a feln\u0151tt lakoss\u00e1g 22,6%-a<\/strong><\/a>.<\/p>\n<p data-pm-slice=\"1 1 []\">Kor\u00e1bbi becsl\u00e9sek szerint a TikTok 2024 v\u00e9g\u00e9re el\u00e9rheti az <strong>1,8 milli\u00f3 akt\u00edv felhaszn\u00e1l\u00f3<\/strong>t, ezek a sz\u00e1mok azonban t\u00fal optimist\u00e1nak bizonyultak. Ha a jelenlegi n\u00f6veked\u00e9s folytat\u00f3dik, 2025-ben re\u00e1lisan <strong>1,2\u20131,5 milli\u00f3 akt\u00edv felhaszn\u00e1l\u00f3<\/strong>val sz\u00e1molhatunk Szlov\u00e1ki\u00e1ban.<\/p>\n<p data-pm-slice=\"1 1 []\">\u00cdgy m\u00e1r nem trendk\u00e9nt tekint\u00fcnk a TikTokra (mint p\u00e9ld\u00e1ul a Clubhouse vagy a BeReal eset\u00e9ben), hanem egy <strong>teljes \u00e9rt\u00e9k\u0171, stabil k\u00f6z\u00f6ss\u00e9gi platform<\/strong>k\u00e9nt. N\u00e9pszer\u0171s\u00e9g\u00e9ben megel\u0151zte a LinkedInt \u00e9s a Snapchatet is.<\/p>\n<div id=\"attachment_815\" style=\"width: 810px\" class=\"wp-caption alignnone\"><img loading=\"lazy\" decoding=\"async\" aria-describedby=\"caption-attachment-815\" class=\"wp-image-815\" src=\"https:\/\/dodigital.sk\/wp-content\/uploads\/2025\/03\/91FavouriteSocialMediaPlatformsByAgeGender\u2013-DataReportal20250203Digital2025GlobalOverviewReportp379-300x169.png\" alt=\"\" width=\"800\" height=\"450\" srcset=\"https:\/\/dodigital.sk\/wp-content\/uploads\/2025\/03\/91FavouriteSocialMediaPlatformsByAgeGender\u2013-DataReportal20250203Digital2025GlobalOverviewReportp379-300x169.png 300w, https:\/\/dodigital.sk\/wp-content\/uploads\/2025\/03\/91FavouriteSocialMediaPlatformsByAgeGender\u2013-DataReportal20250203Digital2025GlobalOverviewReportp379-1024x576.png 1024w, https:\/\/dodigital.sk\/wp-content\/uploads\/2025\/03\/91FavouriteSocialMediaPlatformsByAgeGender\u2013-DataReportal20250203Digital2025GlobalOverviewReportp379-768x432.png 768w, https:\/\/dodigital.sk\/wp-content\/uploads\/2025\/03\/91FavouriteSocialMediaPlatformsByAgeGender\u2013-DataReportal20250203Digital2025GlobalOverviewReportp379-1536x864.png 1536w, https:\/\/dodigital.sk\/wp-content\/uploads\/2025\/03\/91FavouriteSocialMediaPlatformsByAgeGender\u2013-DataReportal20250203Digital2025GlobalOverviewReportp379-1120x630.png 1120w, https:\/\/dodigital.sk\/wp-content\/uploads\/2025\/03\/91FavouriteSocialMediaPlatformsByAgeGender\u2013-DataReportal20250203Digital2025GlobalOverviewReportp379.png 1920w\" sizes=\"auto, (max-width: 800px) 100vw, 800px\" \/><p id=\"caption-attachment-815\" class=\"wp-caption-text\">Legn\u00e9pszer\u0171bb k\u00f6z\u00f6ss\u00e9gi m\u00e9dia platformok &#8211; forr\u00e1s: datareportal.com<\/p><\/div>\n<p data-pm-slice=\"1 1 []\">Remek p\u00e9ld\u00e1t jelent a <a href=\"https:\/\/www.tiktok.com\/@hyundaislovensko\">Hyundai Szlov\u00e1kia<\/a>, amely edukat\u00edv tartalm\u00e1val a TikTok Aut\u00f3siskol\u00e1j\u00e1ban friss sof\u0151r\u00f6ket nevel \u00e9s tan\u00edtja \u0151ket, hogyan kezeljenek neh\u00e9z k\u00f6zleked\u00e9si helyzeteket.<\/p>\n<p>Ezzel szemben a <a href=\"https:\/\/www.tiktok.com\/@skodaautosk\">\u0160koda Auto Szlov\u00e1kia<\/a> humoros m\u00f3don kommunik\u00e1l, nem csup\u00e1n a fiatalok fel\u00e9, hanem olyan helyzeteket mutat be vide\u00f3iban, amelyekkel sz\u00e9lesebb k\u00f6z\u00f6ns\u00e9g is k\u00f6nnyen tud azonosulni. Nem kell sof\u0151rnek lenni ahhoz, hogy \u00e9lvezetesek legyenek a \u0160koda TikTok-vide\u00f3i.<\/p>\n<h2 style=\"text-align: left; color: #947db5;\">A TikTokon a kreativit\u00e1s a d\u00f6nt\u0151<\/h2>\n<p><span style=\"font-weight: 400;\">Azok, akik arra sz\u00e1m\u00edtanak, hogy n\u00e9h\u00e1ny vide\u00f3 felt\u00f6lt\u00e9se ut\u00e1n hirtelen megn\u0151 a term\u00e9keik vagy szolg\u00e1ltat\u00e1saik ir\u00e1nti \u00e9rdekl\u0151d\u00e9s, csal\u00f3dhatnak. <\/span>A TikTok jelenlegi form\u00e1j\u00e1ban Szlov\u00e1ki\u00e1ban nem ugyanolyan \u00e9rt\u00e9kes\u00edt\u00e9si csatorna, mint a Meta vagy a Google.<\/p>\n<p data-pm-slice=\"1 1 []\">Ugyanakkor kiv\u00e1l\u00f3 m\u00e1rka\u00e9p\u00edt\u00e9si fel\u00fclet, amely figyelmet gener\u00e1lhat m\u00e9g egy olyan \u201eunalmas\u201d term\u00e9k sz\u00e1m\u00e1ra is, mint p\u00e9ld\u00e1ul a mobiltelefon-tokok. Szlov\u00e1kia legsikeresebb v\u00e1llalati TikTok-fi\u00f3kja \u00e9ppen a <a href=\"https:\/\/www.tiktok.com\/@mobilfox_sk\">Mobilfox\u00e9<\/a>, amelyet 1,1 milli\u00f3an k\u00f6vetnek (2025 febru\u00e1ri adatok).<\/p>\n<div id=\"attachment_823\" style=\"width: 810px\" class=\"wp-caption alignnone\"><img loading=\"lazy\" decoding=\"async\" aria-describedby=\"caption-attachment-823\" class=\"wp-image-823\" src=\"https:\/\/dodigital.sk\/wp-content\/uploads\/2025\/03\/aaron-weiss-_x6XZ_jp0g8-unsplash-300x216.jpg\" alt=\"\" width=\"800\" height=\"575\" srcset=\"https:\/\/dodigital.sk\/wp-content\/uploads\/2025\/03\/aaron-weiss-_x6XZ_jp0g8-unsplash-300x216.jpg 300w, https:\/\/dodigital.sk\/wp-content\/uploads\/2025\/03\/aaron-weiss-_x6XZ_jp0g8-unsplash-1024x736.jpg 1024w, https:\/\/dodigital.sk\/wp-content\/uploads\/2025\/03\/aaron-weiss-_x6XZ_jp0g8-unsplash-768x552.jpg 768w, https:\/\/dodigital.sk\/wp-content\/uploads\/2025\/03\/aaron-weiss-_x6XZ_jp0g8-unsplash-1536x1104.jpg 1536w, https:\/\/dodigital.sk\/wp-content\/uploads\/2025\/03\/aaron-weiss-_x6XZ_jp0g8-unsplash-2048x1472.jpg 2048w, https:\/\/dodigital.sk\/wp-content\/uploads\/2025\/03\/aaron-weiss-_x6XZ_jp0g8-unsplash-876x630.jpg 876w\" sizes=\"auto, (max-width: 800px) 100vw, 800px\" \/><p id=\"caption-attachment-823\" class=\"wp-caption-text\">Forr\u00e1s: unsplash<\/p><\/div>\n<p data-pm-slice=\"1 1 []\">\u00c9rt\u00e9kes tartalom k\u00e9sz\u00edt\u00e9s\u00e9hez tov\u00e1bbi er\u0151fesz\u00edt\u00e9s sz\u00fcks\u00e9ges. B\u00e1r a vide\u00f3k k\u00e9sz\u00edt\u00e9s\u00e9hez el\u00e9g egy okostelefon is, id\u0151t \u00e9s energi\u00e1t kell sz\u00e1nni r\u00e1. Ha nincs bels\u0151 kapacit\u00e1sotok a vide\u00f3k gy\u00e1rt\u00e1s\u00e1ra, <strong>\u00e9rdemes influencerekkel vagy profi tartalomgy\u00e1rt\u00f3kkal egy\u00fcttm\u0171k\u00f6dni<\/strong>. Ez ugyan\u00fagy k\u00f6lts\u00e9get jelent, mint egy speci\u00e1lis rekl\u00e1m\u00fcgyn\u00f6ks\u00e9g bevon\u00e1sa.<\/p>\n<h2 style=\"text-align: left; color: #947db5;\">TikTok rekl\u00e1mok Szlov\u00e1ki\u00e1ban<\/h2>\n<p data-pm-slice=\"1 1 []\"><strong>A TikTok Ads m\u00e1r el\u00e9rhet\u0151 Szlov\u00e1ki\u00e1ban<\/strong>, \u00e9s lehet\u0151v\u00e9 teszi a c\u00e9gek sz\u00e1m\u00e1ra, hogy hat\u00e9konyan el\u00e9rj\u00e9k c\u00e9lk\u00f6z\u00f6ns\u00e9g\u00fcket. A platform k\u00fcl\u00f6nb\u00f6z\u0151 rekl\u00e1mform\u00e1tumokat k\u00edn\u00e1l, mint p\u00e9ld\u00e1ul In-Feed Ads, TopView, Branded Hashtag Challenges vagy Spark Ads.<\/p>\n<p data-pm-slice=\"1 1 []\">Az alkalmaz\u00e1s n\u00f6vekv\u0151 n\u00e9pszer\u0171s\u00e9g\u00e9nek, k\u00fcl\u00f6n\u00f6sen a fiatalabb gener\u00e1ci\u00f3 k\u00f6r\u00e9ben k\u00f6sz\u00f6nhet\u0151en a platform rekl\u00e1mjai egyre fontosabb eszk\u00f6zz\u00e9 v\u00e1lnak azon v\u00e1llalatok sz\u00e1m\u00e1ra, amelyek \u00faj \u00fcgyfeleket szeretn\u00e9nek megsz\u00f3l\u00edtani \u00e9s m\u00e1rk\u00e1jukat \u00e9p\u00edteni. <strong>Szlov\u00e1k c\u00e9gek m\u00e1r akt\u00edvan haszn\u00e1lj\u00e1k a TikTok Ads-et \u00e9rt\u00e9kes\u00edt\u00e9s\u00fck n\u00f6vel\u00e9s\u00e9re \u00e9s a m\u00e1rkaismerts\u00e9g fokoz\u00e1s\u00e1ra.<\/strong><\/p>\n<p data-pm-slice=\"1 1 []\">A TikTok hirdet\u00e9sek ide\u00e1lisak azoknak a v\u00e1llalatoknak, amelyek fiatalabb gener\u00e1ci\u00f3kat, de egyre ink\u00e1bb az id\u0151sebb felhaszn\u00e1l\u00f3kat is el szeretn\u00e9k \u00e9rni. Ha kreat\u00edv, sz\u00f3rakoztat\u00f3 \u00e9s vizu\u00e1lisan figyelemfelkelt\u0151 kamp\u00e1nyokban gondolkodsz, ez a platform t\u00f6k\u00e9letes megold\u00e1s lehet sz\u00e1modra. Amennyiben seg\u00edts\u00e9gre van sz\u00fcks\u00e9ged TikTok-kamp\u00e1nyod elk\u00e9sz\u00edt\u00e9s\u00e9hez \u00e9s optimaliz\u00e1l\u00e1s\u00e1hoz, a<a href=\"https:\/\/dodigital.sk\/hu\/szolgaltatasaink\/\"> do digital szak\u00e9rt\u0151i rendelkez\u00e9sedre \u00e1llnak<\/a>.<\/p>\n<h2 style=\"text-align: left; color: #947db5;\">Akkor menni vagy nem menni a TikTokra?<\/h2>\n<p data-pm-slice=\"1 1 []\">Sz\u00e1mos <strong>sikeres szlov\u00e1k m\u00e1rka<\/strong> bizony\u00edtja, hogy a TikTok ide\u00e1lis platform kreat\u00edv \u00e9s sz\u00f3rakoztat\u00f3 kamp\u00e1nyokhoz, amelyek megsz\u00f3l\u00edtj\u00e1k a fiatalabb k\u00f6z\u00f6ns\u00e9get.<\/p>\n<p data-start=\"0\" data-end=\"194\">A legismertebbek k\u00f6z\u00e9 tartoznak::<\/p>\n<ol data-start=\"196\" data-end=\"1472\">\n<li data-start=\"196\" data-end=\"451\">\n<p data-start=\"199\" data-end=\"451\"><strong data-start=\"199\" data-end=\"210\">Dedoles<\/strong><br data-start=\"210\" data-end=\"213\" \/>A Dedoles az egyik legsikeresebb szlov\u00e1k m\u00e1rka a TikTokon, amely a platformot sz\u00f3rakoztat\u00f3 \u00e9s hiteles kommunik\u00e1ci\u00f3ra haszn\u00e1lja. Tartalmaik rendk\u00edv\u00fcl kreat\u00edvak, illetve gyakran az \u00f6kol\u00f3giai term\u00e9kek \u00e9s fenntarthat\u00f3s\u00e1g \u00e9rt\u00e9keire \u00f6sszpontos\u00edtanak.<\/p>\n<\/li>\n<li data-start=\"453\" data-end=\"687\">\n<p data-start=\"456\" data-end=\"687\"><strong data-start=\"456\" data-end=\"471\">dm drogerie<\/strong><br data-start=\"471\" data-end=\"474\" \/>A dm drog\u00e9ria-h\u00e1l\u00f3zat figyelemfelkelt\u0151 TikTok-vide\u00f3kat k\u00e9sz\u00edt, amelyek sz\u00e9ps\u00e9g\u00e1pol\u00e1si, eg\u00e9szs\u00e9g\u00fcgyi \u00e9s h\u00e1ztart\u00e1si term\u00e9keiket mutatj\u00e1k be. Ezek a vide\u00f3k gyakran interakt\u00edvak, \u00e9s praktikus tippeket, tr\u00fckk\u00f6ket ny\u00fajtanak a mindennapokhoz.<\/p>\n<\/li>\n<li data-start=\"689\" data-end=\"930\">\n<p data-start=\"692\" data-end=\"930\"><strong data-start=\"692\" data-end=\"710\">Lidl Szlov\u00e1kia<\/strong><br data-start=\"710\" data-end=\"713\" \/>A Lidl TikTok-oldal\u00e1n k\u00fcl\u00f6nf\u00e9le akci\u00f3kat, term\u00e9k\u00fajdons\u00e1gokat \u00e9s sz\u00f3rakoztat\u00f3 kih\u00edv\u00e1sokat oszt meg. Vide\u00f3ik a kreat\u00edv \u00f6tleteknek \u00e9s a term\u00e9kek l\u00e1tv\u00e1nyos bemutat\u00e1s\u00e1nak k\u00f6sz\u00f6nhet\u0151en rendk\u00edv\u00fcl n\u00e9pszer\u0171ek a szlov\u00e1k felhaszn\u00e1l\u00f3k k\u00f6r\u00e9ben.<\/p>\n<\/li>\n<li data-start=\"932\" data-end=\"1218\">\n<p data-start=\"935\" data-end=\"1218\"><strong data-start=\"935\" data-end=\"948\">Bory Mall<\/strong><br data-start=\"948\" data-end=\"951\" \/>A Bory Mall, Pozsony ismert bev\u00e1s\u00e1rl\u00f3k\u00f6zpontja, akt\u00edvan kommunik\u00e1l l\u00e1togat\u00f3ival \u00e9s v\u00e1s\u00e1rl\u00f3ival \u00e9rdekes, interakt\u00edv vide\u00f3k form\u00e1j\u00e1ban. A TikTok ide\u00e1lis eszk\u00f6z sz\u00e1mukra olyan kamp\u00e1nyokhoz, amelyek esem\u00e9nyeket, akci\u00f3kat \u00e9s a bev\u00e1s\u00e1rl\u00f3k\u00f6zpont \u00fajdons\u00e1gait n\u00e9pszer\u0171s\u00edtik.<\/p>\n<\/li>\n<li data-start=\"1220\" data-end=\"1472\">\n<p data-start=\"1223\" data-end=\"1472\"><strong data-start=\"1223\" data-end=\"1244\">Heureka Szlov\u00e1kia<\/strong><br data-start=\"1244\" data-end=\"1247\" \/>A Heureka, a n\u00e9pszer\u0171 v\u00e1s\u00e1rl\u00e1si platform sz\u00f3rakoztat\u00f3 \u00e9s edukat\u00edv tartalmakat k\u00e9sz\u00edt, amelyek seg\u00edtenek a felhaszn\u00e1l\u00f3knak v\u00e1s\u00e1rl\u00e1si d\u00f6nt\u00e9seik meghozatal\u00e1ban, term\u00e9kbemutat\u00f3k \u00e9s \u00e9rt\u00e9kel\u00e9sek r\u00e9v\u00e9n. A TikTok seg\u00edts\u00e9g\u00e9vel sz\u00e9les k\u00f6z\u00f6ns\u00e9get \u00e9rnek el.<\/p>\n<\/li>\n<\/ol>\n<p data-start=\"1474\" data-end=\"1699\" data-is-last-node=\"\" data-is-only-node=\"\">Ezek a m\u00e1rk\u00e1k sikeresen haszn\u00e1lj\u00e1k a TikTokot term\u00e9keik n\u00e9pszer\u0171s\u00edt\u00e9s\u00e9re, m\u00e1rkaismerts\u00e9g\u00fck \u00e9p\u00edt\u00e9s\u00e9re, valamint a fiatal \u00e9s dinamikus k\u00f6z\u00f6ns\u00e9ggel val\u00f3 kommunik\u00e1ci\u00f3ra, bizony\u00edtva, hogy a TikTok kiv\u00e1l\u00f3 marketingeszk\u00f6z lehet a szlov\u00e1k c\u00e9gek sz\u00e1m\u00e1ra.<\/p>\n<p data-pm-slice=\"1 1 []\">A <strong>do digital<\/strong> digit\u00e1lis marketing\u00fcgyn\u00f6ks\u00e9g a Google- \u00e9s Facebook-hirdet\u00e9sek mellett komplex szolg\u00e1ltat\u00e1st k\u00edn\u00e1l <strong>TikTok-hirdet\u00e9sek<\/strong> ter\u00e9n is. Legyen sz\u00f3 m\u00e1rka\u00e9p\u00edt\u00e9sr\u0151l, elad\u00e1sn\u00f6vel\u00e9sr\u0151l vagy interakci\u00f3 er\u0151s\u00edt\u00e9s\u00e9r\u0151l \u2013 a <a href=\"https:\/\/dodigital.sk\/hu\/szolgaltatasaink\/\"><strong>do digital<\/strong> seg\u00edt a legt\u00f6bbet kihozni TikTok Ads kamp\u00e1nyaidb\u00f3l<\/a>.<\/p>\n","protected":false},"excerpt":{"rendered":"<p>Mikor \u00e9s mi\u00e9rt kezdj\u00fcnk kommunik\u00e1lni a TikTokon? Van \u00e9rtelme, hogy a m\u00e1rk\u00e1m jelen legyen a TikTokon? Ezeket a k\u00e9rd\u00e9seket sz\u00e1mos webshop-tulajdonos vagy v\u00e1llalati marketingmenedzser teheti fel mag\u00e1nak. Univerz\u00e1lis v\u00e1lasz nem l\u00e9tezik, \u00e1m cikk\u00fcnkben seg\u00edt\u00fcnk megv\u00e1laszolni azokat a k\u00e9rd\u00e9seket, amelyek megk\u00f6nny\u00edthetik a d\u00f6nt\u00e9st. Mi\u00e9rt van ekkora hype a TikTok k\u00f6r\u00fcl? A TikTok k\u00f6z\u00f6ss\u00e9gi oldal n\u00e9pszer\u0171s\u00e9ge nem [&hellip;]<\/p>\n","protected":false},"author":2,"featured_media":833,"comment_status":"closed","ping_status":"closed","sticky":false,"template":"","format":"standard","meta":{"_acf_changed":false,"footnotes":""},"categories":[5],"tags":[],"class_list":["post-891","post","type-post","status-publish","format-standard","has-post-thumbnail","hentry","category-uncategorized-hu"],"acf":[],"yoast_head":"<!-- This site is optimized with the Yoast SEO plugin v26.8 - https:\/\/yoast.com\/product\/yoast-seo-wordpress\/ -->\n<title>Mikor \u00e9s mi\u00e9rt kezdj\u00fcnk kommunik\u00e1lni a TikTokon? | do digital<\/title>\n<meta name=\"description\" content=\"Mikor \u00e9s mi\u00e9rt kezdj\u00fcnk kommunik\u00e1lni a TikTokon? Cikk\u00fcnkben seg\u00edt\u00fcnk megv\u00e1laszolni azokat a k\u00e9rd\u00e9seket, amelyek megk\u00f6nny\u00edthetik a d\u00f6nt\u00e9st.\" \/>\n<meta name=\"robots\" content=\"index, follow, max-snippet:-1, max-image-preview:large, max-video-preview:-1\" \/>\n<link rel=\"canonical\" href=\"https:\/\/dodigital.sk\/hu\/blog\/mikor-es-miert-kezdjunk-kommunikalni-a-tiktokon\/\" \/>\n<meta property=\"og:locale\" content=\"hu_HU\" \/>\n<meta property=\"og:type\" content=\"article\" \/>\n<meta property=\"og:title\" content=\"Mikor \u00e9s mi\u00e9rt kezdj\u00fcnk kommunik\u00e1lni a TikTokon? | do digital\" \/>\n<meta property=\"og:description\" content=\"Mikor \u00e9s mi\u00e9rt kezdj\u00fcnk kommunik\u00e1lni a TikTokon? Cikk\u00fcnkben seg\u00edt\u00fcnk megv\u00e1laszolni azokat a k\u00e9rd\u00e9seket, amelyek megk\u00f6nny\u00edthetik a d\u00f6nt\u00e9st.\" \/>\n<meta property=\"og:url\" content=\"https:\/\/dodigital.sk\/hu\/blog\/mikor-es-miert-kezdjunk-kommunikalni-a-tiktokon\/\" \/>\n<meta property=\"og:site_name\" content=\"do digital\" \/>\n<meta property=\"article:published_time\" content=\"2025-03-19T19:14:42+00:00\" \/>\n<meta property=\"article:modified_time\" content=\"2025-06-17T13:16:59+00:00\" \/>\n<meta property=\"og:image\" content=\"https:\/\/dodigital.sk\/wp-content\/uploads\/2025\/03\/pexels-cottonbro-5081930-scaled.jpg\" \/>\n\t<meta property=\"og:image:width\" content=\"2560\" \/>\n\t<meta property=\"og:image:height\" content=\"1707\" \/>\n\t<meta property=\"og:image:type\" content=\"image\/jpeg\" \/>\n<meta name=\"author\" content=\"Ildiko\" \/>\n<meta name=\"twitter:card\" content=\"summary_large_image\" \/>\n<meta name=\"twitter:label1\" content=\"Szerz\u0151:\" \/>\n\t<meta name=\"twitter:data1\" content=\"Ildiko\" \/>\n\t<meta name=\"twitter:label2\" content=\"Becs\u00fclt olvas\u00e1si id\u0151\" \/>\n\t<meta name=\"twitter:data2\" content=\"6 perc\" \/>\n<script type=\"application\/ld+json\" class=\"yoast-schema-graph\">{\"@context\":\"https:\/\/schema.org\",\"@graph\":[{\"@type\":\"Article\",\"@id\":\"https:\/\/dodigital.sk\/hu\/blog\/mikor-es-miert-kezdjunk-kommunikalni-a-tiktokon\/#article\",\"isPartOf\":{\"@id\":\"https:\/\/dodigital.sk\/hu\/blog\/mikor-es-miert-kezdjunk-kommunikalni-a-tiktokon\/\"},\"author\":{\"name\":\"Ildiko\",\"@id\":\"https:\/\/dodigital.sk\/#\/schema\/person\/4cfdb64b443ffb306760c1d193fa2757\"},\"headline\":\"Mikor \u00e9s mi\u00e9rt kezdj\u00fcnk kommunik\u00e1lni a TikTokon?\",\"datePublished\":\"2025-03-19T19:14:42+00:00\",\"dateModified\":\"2025-06-17T13:16:59+00:00\",\"mainEntityOfPage\":{\"@id\":\"https:\/\/dodigital.sk\/hu\/blog\/mikor-es-miert-kezdjunk-kommunikalni-a-tiktokon\/\"},\"wordCount\":1523,\"image\":{\"@id\":\"https:\/\/dodigital.sk\/hu\/blog\/mikor-es-miert-kezdjunk-kommunikalni-a-tiktokon\/#primaryimage\"},\"thumbnailUrl\":\"https:\/\/dodigital.sk\/wp-content\/uploads\/2025\/03\/pexels-cottonbro-5081930-scaled.jpg\",\"articleSection\":[\"Uncategorized @hu\"],\"inLanguage\":\"hu\"},{\"@type\":\"WebPage\",\"@id\":\"https:\/\/dodigital.sk\/hu\/blog\/mikor-es-miert-kezdjunk-kommunikalni-a-tiktokon\/\",\"url\":\"https:\/\/dodigital.sk\/hu\/blog\/mikor-es-miert-kezdjunk-kommunikalni-a-tiktokon\/\",\"name\":\"Mikor \u00e9s mi\u00e9rt kezdj\u00fcnk kommunik\u00e1lni a TikTokon? | do digital\",\"isPartOf\":{\"@id\":\"https:\/\/dodigital.sk\/#website\"},\"primaryImageOfPage\":{\"@id\":\"https:\/\/dodigital.sk\/hu\/blog\/mikor-es-miert-kezdjunk-kommunikalni-a-tiktokon\/#primaryimage\"},\"image\":{\"@id\":\"https:\/\/dodigital.sk\/hu\/blog\/mikor-es-miert-kezdjunk-kommunikalni-a-tiktokon\/#primaryimage\"},\"thumbnailUrl\":\"https:\/\/dodigital.sk\/wp-content\/uploads\/2025\/03\/pexels-cottonbro-5081930-scaled.jpg\",\"datePublished\":\"2025-03-19T19:14:42+00:00\",\"dateModified\":\"2025-06-17T13:16:59+00:00\",\"author\":{\"@id\":\"https:\/\/dodigital.sk\/#\/schema\/person\/4cfdb64b443ffb306760c1d193fa2757\"},\"description\":\"Mikor \u00e9s mi\u00e9rt kezdj\u00fcnk kommunik\u00e1lni a TikTokon? Cikk\u00fcnkben seg\u00edt\u00fcnk megv\u00e1laszolni azokat a k\u00e9rd\u00e9seket, amelyek megk\u00f6nny\u00edthetik a d\u00f6nt\u00e9st.\",\"breadcrumb\":{\"@id\":\"https:\/\/dodigital.sk\/hu\/blog\/mikor-es-miert-kezdjunk-kommunikalni-a-tiktokon\/#breadcrumb\"},\"inLanguage\":\"hu\",\"potentialAction\":[{\"@type\":\"ReadAction\",\"target\":[\"https:\/\/dodigital.sk\/hu\/blog\/mikor-es-miert-kezdjunk-kommunikalni-a-tiktokon\/\"]}]},{\"@type\":\"ImageObject\",\"inLanguage\":\"hu\",\"@id\":\"https:\/\/dodigital.sk\/hu\/blog\/mikor-es-miert-kezdjunk-kommunikalni-a-tiktokon\/#primaryimage\",\"url\":\"https:\/\/dodigital.sk\/wp-content\/uploads\/2025\/03\/pexels-cottonbro-5081930-scaled.jpg\",\"contentUrl\":\"https:\/\/dodigital.sk\/wp-content\/uploads\/2025\/03\/pexels-cottonbro-5081930-scaled.jpg\",\"width\":2560,\"height\":1707},{\"@type\":\"BreadcrumbList\",\"@id\":\"https:\/\/dodigital.sk\/hu\/blog\/mikor-es-miert-kezdjunk-kommunikalni-a-tiktokon\/#breadcrumb\",\"itemListElement\":[{\"@type\":\"ListItem\",\"position\":1,\"name\":\"Domovsk\u00e1 str\u00e1nka\",\"item\":\"https:\/\/dodigital.sk\/hu\/\"},{\"@type\":\"ListItem\",\"position\":2,\"name\":\"Mikor \u00e9s mi\u00e9rt kezdj\u00fcnk kommunik\u00e1lni a TikTokon?\"}]},{\"@type\":\"WebSite\",\"@id\":\"https:\/\/dodigital.sk\/#website\",\"url\":\"https:\/\/dodigital.sk\/\",\"name\":\"do digital\",\"description\":\"Sme odhodlan\u00ed zv\u00fd\u0161i\u0165 va\u0161e konverzie\",\"potentialAction\":[{\"@type\":\"SearchAction\",\"target\":{\"@type\":\"EntryPoint\",\"urlTemplate\":\"https:\/\/dodigital.sk\/?s={search_term_string}\"},\"query-input\":{\"@type\":\"PropertyValueSpecification\",\"valueRequired\":true,\"valueName\":\"search_term_string\"}}],\"inLanguage\":\"hu\"},{\"@type\":\"Person\",\"@id\":\"https:\/\/dodigital.sk\/#\/schema\/person\/4cfdb64b443ffb306760c1d193fa2757\",\"name\":\"Ildiko\",\"url\":\"https:\/\/dodigital.sk\/hu\/blog\/author\/ildiko\/\"}]}<\/script>\n<!-- \/ Yoast SEO plugin. -->","yoast_head_json":{"title":"Mikor \u00e9s mi\u00e9rt kezdj\u00fcnk kommunik\u00e1lni a TikTokon? | do digital","description":"Mikor \u00e9s mi\u00e9rt kezdj\u00fcnk kommunik\u00e1lni a TikTokon? Cikk\u00fcnkben seg\u00edt\u00fcnk megv\u00e1laszolni azokat a k\u00e9rd\u00e9seket, amelyek megk\u00f6nny\u00edthetik a d\u00f6nt\u00e9st.","robots":{"index":"index","follow":"follow","max-snippet":"max-snippet:-1","max-image-preview":"max-image-preview:large","max-video-preview":"max-video-preview:-1"},"canonical":"https:\/\/dodigital.sk\/hu\/blog\/mikor-es-miert-kezdjunk-kommunikalni-a-tiktokon\/","og_locale":"hu_HU","og_type":"article","og_title":"Mikor \u00e9s mi\u00e9rt kezdj\u00fcnk kommunik\u00e1lni a TikTokon? | do digital","og_description":"Mikor \u00e9s mi\u00e9rt kezdj\u00fcnk kommunik\u00e1lni a TikTokon? Cikk\u00fcnkben seg\u00edt\u00fcnk megv\u00e1laszolni azokat a k\u00e9rd\u00e9seket, amelyek megk\u00f6nny\u00edthetik a d\u00f6nt\u00e9st.","og_url":"https:\/\/dodigital.sk\/hu\/blog\/mikor-es-miert-kezdjunk-kommunikalni-a-tiktokon\/","og_site_name":"do digital","article_published_time":"2025-03-19T19:14:42+00:00","article_modified_time":"2025-06-17T13:16:59+00:00","og_image":[{"width":2560,"height":1707,"url":"https:\/\/dodigital.sk\/wp-content\/uploads\/2025\/03\/pexels-cottonbro-5081930-scaled.jpg","type":"image\/jpeg"}],"author":"Ildiko","twitter_card":"summary_large_image","twitter_misc":{"Szerz\u0151:":"Ildiko","Becs\u00fclt olvas\u00e1si id\u0151":"6 perc"},"schema":{"@context":"https:\/\/schema.org","@graph":[{"@type":"Article","@id":"https:\/\/dodigital.sk\/hu\/blog\/mikor-es-miert-kezdjunk-kommunikalni-a-tiktokon\/#article","isPartOf":{"@id":"https:\/\/dodigital.sk\/hu\/blog\/mikor-es-miert-kezdjunk-kommunikalni-a-tiktokon\/"},"author":{"name":"Ildiko","@id":"https:\/\/dodigital.sk\/#\/schema\/person\/4cfdb64b443ffb306760c1d193fa2757"},"headline":"Mikor \u00e9s mi\u00e9rt kezdj\u00fcnk kommunik\u00e1lni a TikTokon?","datePublished":"2025-03-19T19:14:42+00:00","dateModified":"2025-06-17T13:16:59+00:00","mainEntityOfPage":{"@id":"https:\/\/dodigital.sk\/hu\/blog\/mikor-es-miert-kezdjunk-kommunikalni-a-tiktokon\/"},"wordCount":1523,"image":{"@id":"https:\/\/dodigital.sk\/hu\/blog\/mikor-es-miert-kezdjunk-kommunikalni-a-tiktokon\/#primaryimage"},"thumbnailUrl":"https:\/\/dodigital.sk\/wp-content\/uploads\/2025\/03\/pexels-cottonbro-5081930-scaled.jpg","articleSection":["Uncategorized @hu"],"inLanguage":"hu"},{"@type":"WebPage","@id":"https:\/\/dodigital.sk\/hu\/blog\/mikor-es-miert-kezdjunk-kommunikalni-a-tiktokon\/","url":"https:\/\/dodigital.sk\/hu\/blog\/mikor-es-miert-kezdjunk-kommunikalni-a-tiktokon\/","name":"Mikor \u00e9s mi\u00e9rt kezdj\u00fcnk kommunik\u00e1lni a TikTokon? | do digital","isPartOf":{"@id":"https:\/\/dodigital.sk\/#website"},"primaryImageOfPage":{"@id":"https:\/\/dodigital.sk\/hu\/blog\/mikor-es-miert-kezdjunk-kommunikalni-a-tiktokon\/#primaryimage"},"image":{"@id":"https:\/\/dodigital.sk\/hu\/blog\/mikor-es-miert-kezdjunk-kommunikalni-a-tiktokon\/#primaryimage"},"thumbnailUrl":"https:\/\/dodigital.sk\/wp-content\/uploads\/2025\/03\/pexels-cottonbro-5081930-scaled.jpg","datePublished":"2025-03-19T19:14:42+00:00","dateModified":"2025-06-17T13:16:59+00:00","author":{"@id":"https:\/\/dodigital.sk\/#\/schema\/person\/4cfdb64b443ffb306760c1d193fa2757"},"description":"Mikor \u00e9s mi\u00e9rt kezdj\u00fcnk kommunik\u00e1lni a TikTokon? Cikk\u00fcnkben seg\u00edt\u00fcnk megv\u00e1laszolni azokat a k\u00e9rd\u00e9seket, amelyek megk\u00f6nny\u00edthetik a d\u00f6nt\u00e9st.","breadcrumb":{"@id":"https:\/\/dodigital.sk\/hu\/blog\/mikor-es-miert-kezdjunk-kommunikalni-a-tiktokon\/#breadcrumb"},"inLanguage":"hu","potentialAction":[{"@type":"ReadAction","target":["https:\/\/dodigital.sk\/hu\/blog\/mikor-es-miert-kezdjunk-kommunikalni-a-tiktokon\/"]}]},{"@type":"ImageObject","inLanguage":"hu","@id":"https:\/\/dodigital.sk\/hu\/blog\/mikor-es-miert-kezdjunk-kommunikalni-a-tiktokon\/#primaryimage","url":"https:\/\/dodigital.sk\/wp-content\/uploads\/2025\/03\/pexels-cottonbro-5081930-scaled.jpg","contentUrl":"https:\/\/dodigital.sk\/wp-content\/uploads\/2025\/03\/pexels-cottonbro-5081930-scaled.jpg","width":2560,"height":1707},{"@type":"BreadcrumbList","@id":"https:\/\/dodigital.sk\/hu\/blog\/mikor-es-miert-kezdjunk-kommunikalni-a-tiktokon\/#breadcrumb","itemListElement":[{"@type":"ListItem","position":1,"name":"Domovsk\u00e1 str\u00e1nka","item":"https:\/\/dodigital.sk\/hu\/"},{"@type":"ListItem","position":2,"name":"Mikor \u00e9s mi\u00e9rt kezdj\u00fcnk kommunik\u00e1lni a TikTokon?"}]},{"@type":"WebSite","@id":"https:\/\/dodigital.sk\/#website","url":"https:\/\/dodigital.sk\/","name":"do digital","description":"Sme odhodlan\u00ed zv\u00fd\u0161i\u0165 va\u0161e konverzie","potentialAction":[{"@type":"SearchAction","target":{"@type":"EntryPoint","urlTemplate":"https:\/\/dodigital.sk\/?s={search_term_string}"},"query-input":{"@type":"PropertyValueSpecification","valueRequired":true,"valueName":"search_term_string"}}],"inLanguage":"hu"},{"@type":"Person","@id":"https:\/\/dodigital.sk\/#\/schema\/person\/4cfdb64b443ffb306760c1d193fa2757","name":"Ildiko","url":"https:\/\/dodigital.sk\/hu\/blog\/author\/ildiko\/"}]}},"_links":{"self":[{"href":"https:\/\/dodigital.sk\/hu\/wp-json\/wp\/v2\/posts\/891","targetHints":{"allow":["GET"]}}],"collection":[{"href":"https:\/\/dodigital.sk\/hu\/wp-json\/wp\/v2\/posts"}],"about":[{"href":"https:\/\/dodigital.sk\/hu\/wp-json\/wp\/v2\/types\/post"}],"author":[{"embeddable":true,"href":"https:\/\/dodigital.sk\/hu\/wp-json\/wp\/v2\/users\/2"}],"replies":[{"embeddable":true,"href":"https:\/\/dodigital.sk\/hu\/wp-json\/wp\/v2\/comments?post=891"}],"version-history":[{"count":5,"href":"https:\/\/dodigital.sk\/hu\/wp-json\/wp\/v2\/posts\/891\/revisions"}],"predecessor-version":[{"id":949,"href":"https:\/\/dodigital.sk\/hu\/wp-json\/wp\/v2\/posts\/891\/revisions\/949"}],"wp:featuredmedia":[{"embeddable":true,"href":"https:\/\/dodigital.sk\/hu\/wp-json\/wp\/v2\/media\/833"}],"wp:attachment":[{"href":"https:\/\/dodigital.sk\/hu\/wp-json\/wp\/v2\/media?parent=891"}],"wp:term":[{"taxonomy":"category","embeddable":true,"href":"https:\/\/dodigital.sk\/hu\/wp-json\/wp\/v2\/categories?post=891"},{"taxonomy":"post_tag","embeddable":true,"href":"https:\/\/dodigital.sk\/hu\/wp-json\/wp\/v2\/tags?post=891"}],"curies":[{"name":"wp","href":"https:\/\/api.w.org\/{rel}","templated":true}]}}